{"id":5361,"date":"2019-01-17T17:43:06","date_gmt":"2019-01-17T17:43:06","guid":{"rendered":"http:\/\/balboaunionchurch.org\/?p=5361"},"modified":"2019-01-17T17:44:15","modified_gmt":"2019-01-17T17:44:15","slug":"newsletter-december-21st-2018","status":"publish","type":"post","link":"http:\/\/balboaunionchurch.org\/es\/2019\/01\/17\/newsletter-december-21st-2018\/","title":{"rendered":"Bolet\u00edn semanal &#8211; 21 de Diciembre del 2018"},"content":{"rendered":"<p><\/p>\n<p style=\"text-align: center;\"><img decoding=\"async\" src=\"https:\/\/gallery.mailchimp.com\/351287c497c865382e60eedde\/images\/9bf966d5-e4c4-463e-b47b-848fa310a17b.png\" \/><\/p>\n<h1 class=\"null\" style=\"text-align: center;\"><span style=\"color: #800000;\"><strong>Encendiendo la cuarta vela del Adviento, La vela del\u00a0\u00abAmor\u00bb<\/strong><\/span><\/h1>\n<div><img loading=\"lazy\" decoding=\"async\" class=\"aligncenter\" src=\"https:\/\/gallery.mailchimp.com\/351287c497c865382e60eedde\/images\/d4d019d5-eb40-4e9b-a9f2-670e2aa96679.png\" width=\"482\" height=\"312\" data-file-id=\"2649521\" \/><\/div>\n<div style=\"text-align: left;\">Maria y Jos\u00e9, con su fe, esperanza y humildad salen victoriosos en la prueba. No hay rechazo, ni fr\u00edo, ni oscuridad ni incomodidad que les pueda separar del amor de Cristo que nace.<br \/>\nEllos son los benditos de Dios que le reciben. Dios encontr\u00f3 el lugar exacto para que naciera, porque all\u00ed estaba el amor inmaculado. Nos unimos a Maria y Jos\u00e9 con un sincero deseo de renunciar a todo lo que impide que Jes\u00fas nazca en nuestro coraz\u00f3n.<\/div>\n<div><\/div>\n<div><\/div>\n<div><img decoding=\"async\" class=\"aligncenter\" src=\"https:\/\/gallery.mailchimp.com\/351287c497c865382e60eedde\/images\/09a432c5-5524-48cf-8919-dc06577acefc.png\" \/><\/div>\n<h1 class=\"null\" style=\"text-align: center;\"><span style=\"color: #800000;\">Domingo 23\u00a0de Diciembre<\/span><\/h1>\n<h2 class=\"null\" style=\"text-align: center;\">Servicio Bilingue<\/h2>\n<div>\n<p style=\"text-align: center;\"><strong>Speaker | Ponente:<\/strong><br \/>\nBetsy Moran<\/p>\n<\/div>\n<p style=\"text-align: center;\"><img loading=\"lazy\" decoding=\"async\" src=\"https:\/\/gallery.mailchimp.com\/351287c497c865382e60eedde\/images\/c1dcd4c8-e349-4f27-ae36-4c7bee0d4868.jpg\" width=\"200\" height=\"203\" data-file-id=\"1784053\" \/><\/p>\n<h2 class=\"null\" style=\"text-align: center;\">Readings &#8211; Lecturas<\/h2>\n<p style=\"text-align: center;\"><img loading=\"lazy\" decoding=\"async\" src=\"https:\/\/gallery.mailchimp.com\/351287c497c865382e60eedde\/images\/33d539a0-a104-4cac-9774-3a5e23014ea9.jpg\" width=\"200\" height=\"143\" data-file-id=\"2638845\" \/><br \/>\nLuke | Lucas 1:46-55<\/p>\n<h1 class=\"null\" style=\"text-align: center;\"><span style=\"color: #800000;\">Servicio de las Velas<\/span><\/h1>\n<p style=\"text-align: center;\"><img loading=\"lazy\" decoding=\"async\" class=\"aligncenter\" src=\"https:\/\/gallery.mailchimp.com\/351287c497c865382e60eedde\/images\/7422807b-5c45-4256-81c1-b99a79a3330b.png\" width=\"700\" height=\"266\" data-file-id=\"2545685\" \/><br \/>\nVenga y disfruta con nosotros nuestro Servicio de Velas en la v\u00edspera de Navidad, en el cual conmemoramos, en una noche, Segunda Guerra Mundial, cuando no se pod\u00edan encender las luces y cuando nuestra Iglesia tend\u00eda en la entrada las velas que estaban \u00abiluminando el mundo\u00bb. Esta es una noche en la que cada uno recuerda que dejamos que nuestras luces brillen, que Jes\u00fas vino a la tierra para que cada uno de nosotros sea \u00abLa Luz de la Tierra\u00bb.<\/p>\n<p>Cada Noche buena, pasamos un momento recordando esa estrella que brill\u00f3, gui\u00e1ndonos el camino, para todos los hombres sabios, y encendemos nuestras velas para mostrar el camino que cada uno de nosotros debe seguir.<\/p>\n<p>Cada Nochebuena, cantamos villancicos juntos, y disfrutamos de las presentaciones de Hijos del Rey, ya que presentan sus armon\u00edas a capela y quienes muy amorosamente vienen a presentar al Rey sus canciones de alabanza.<\/p>\n<p>\u00a1Ven y \u00fanete a nosotros!<\/p>\n<p>More information &#8211; Para m\u00e1s informaci\u00f3n, puedes contactarnos al<br \/>\n314-1004 | 6458-4909 WhatsApp<br \/>\nFacebook &amp; Twitter: @BALBOAUNION<br \/>\nEmail &#8211; Correo electr\u00f3nico: Office@balboaunionchurch.org<br \/>\nWe are located at &#8211; Estamos ubicados en: Calle Enrique Linares, #776. Balboa, Ancon.<\/p>\n<h1 style=\"text-align: center;\"><span style=\"color: #800000;\"><strong>La Corona de Adviento<\/strong><\/span><\/h1>\n<p style=\"text-align: center;\">\u00a0La Corona de Adviento, es un s\u00edmbolo cristiano que nos recuerda que Cristo es la luz que viene a iluminar nuestra vida, y que en cada semana que encendemos una vela, la luz debe ser cada vez m\u00e1s resplandeciente. En esa luz podemos centrar nuestra reflexi\u00f3n este a\u00f1o<\/p>\n<p>Este tiempo que dura cuatro semanas, es un tiempo precioso para ir revisando nuestra vida y lograr disponer nuestro coraz\u00f3n como un aut\u00e9ntico pesebre donde pueda nacer el Se\u00f1or.<br \/>\nEntramos en tiempo de Adviento, un tiempo especial para la Liturgia, en el cual nos preparamos de coraz\u00f3n para recibir a Cristo, naciendo entre los hombres para darnos la salvaci\u00f3n.<\/p>\n<p><img decoding=\"async\" class=\"aligncenter\" src=\"http:\/\/3.bp.blogspot.com\/_lECqmPaPssg\/TO8u3NSzghI\/AAAAAAAACvA\/o6K1HwjwrEk\/s1600\/CORONA_DE_ADVIENTO_MOVIBLE.gif\" \/><\/p>\n<p>La luz es un signo especial que nos muestra como vencer las tinieblas. Ya el profeta Isa\u00edas lo anunciaba:<\/p>\n<p><em>El pueblo que caminaba en las tinieblas\u00a0ha visto una gran luz;\u00a0sobre los que habitaban en el pa\u00eds de la oscuridad\u00a0ha brillado una luz\u00a0(Is 9, 1)<\/em><\/p>\n<p>Esa luz es Cristo que viene a iluminar nuestra vida. La luz podemos asociarla de tres maneras:<\/p>\n<p>a)\u00a0<strong>Cambiando:<\/strong>\u00a0Este tiempo es un tiempo de conversi\u00f3n, de reflexi\u00f3n en nuestra vida. Cuando una vela es encendida, la cera\u00a0\u00a0\u00a0 \u00a0\u00a0\u00a0 \u00a0\u00a0\u00a0 \u00a0\u00a0\u00a0 \u00a0\u00a0\u00a0\u00a0empieza a derretirse, y mientras se derrita la luz logra mantenerse. \u00bfQu\u00e9 queremos cambiar en este tiempo? \u00bfQu\u00e9 queremos\u00a0\u00a0\u00a0 \u00a0\u00a0\u00a0 \u00a0\u00a0\u00a0 \u00a0\u00a0\u00a0 \u00a0\u00a0\u00a0\u00a0pedirle al Se\u00f1or que transforme en nosotros? En Adviento podemos empezar a cambiar, y preparar un coraz\u00f3n para que Cristo\u00a0\u00a0\u00a0 \u00a0\u00a0\u00a0 \u00a0\u00a0\u00a0 \u00a0\u00a0\u00a0\u00a0nazca.<\/p>\n<p>&nbsp;<\/p>\n<p>b)\u00a0<strong>Vigilando:<\/strong>\u00a0No podr\u00edamos vigilar estando a oscuras. Adviento por ser un tiempo preparatorio, debemos estar vigilantes y\u00a0\u00a0\u00a0 \u00a0\u00a0\u00a0 \u00a0\u00a0\u00a0 \u00a0\u00a0\u00a0 \u00a0\u00a0\u00a0 \u00a0\u00a0\u00a0\u00a0atentos. El bullicio del comercio, la ropa, regalos, cena, luces, decoraci\u00f3n, podr\u00edan distraernos y no dejarnos preparar\u00a0\u00a0\u00a0 \u00a0\u00a0\u00a0 \u00a0\u00a0\u00a0 \u00a0\u00a0\u00a0 \u00a0\u00a0\u00a0 \u00a0\u00a0\u00a0 \u00a0\u00a0\u00a0 \u00a0\u00a0\u00a0\u00a0adecuadamente para celebrar dignamente el nacimiento del Se\u00f1or. Recordemos a las v\u00edrgenes precavidas, que teniendo aceite en su l\u00e1mpara estuvieron atentas a la llegada del novio\u00a0(Mt 25, 1-13). As\u00ed nosotros, en Adviento debemos estar vigilantes, en oraci\u00f3n, viviendo la Liturgia cada d\u00eda para ir llenando de gozo el coraz\u00f3n para el d\u00eda en que contemplemos al ni\u00f1o en el pesebre.<\/p>\n<p>&nbsp;<\/p>\n<p>c)\u00a0<strong>Iluminando:<\/strong>\u00a0Adviento es el tiempo para ser luz a los dem\u00e1s. San Juan Bautista predicaba a quienes ven\u00edan a \u00e9l, predicaba conversi\u00f3n e indicando a cada uno c\u00f3mo pod\u00eda prepararse mejor\u00a0(Lc 3, 10-15).\u00a0\u00bfCu\u00e1ntas personas vivir\u00e1n esta \u00e9poca s\u00f3lo pensando en nieve, renos y el \u00abesp\u00edritu de la Navidad\u00bb, pero de Cristo no sabr\u00e1n nada?Es entonces el momento de que seamos luz para los dem\u00e1s, sea ense\u00f1ando la fe, sea como la Virgen Mar\u00eda, de camino al servicio a la casa de su prima Isabel, sea compartiendo con el que no tiene nada en esta \u00e9poca.<\/p>\n<p>Este Adviento debe ser un camino en el cual cada d\u00eda preparemos un coraz\u00f3n para recibir al Se\u00f1or con alegr\u00eda.<\/p>\n<p><img decoding=\"async\" class=\"aligncenter\" src=\"https:\/\/gallery.mailchimp.com\/351287c497c865382e60eedde\/images\/785fd13f-b2ff-4065-adae-2da906e96648.png\" \/><\/p>\n<p><img decoding=\"async\" class=\"aligncenter\" src=\"https:\/\/gallery.mailchimp.com\/351287c497c865382e60eedde\/images\/7a99af54-99e7-45bb-8978-6b1668087241.png\" \/><\/p>\n<p style=\"text-align: left;\">Balboa Union Church tiene 1 apartamento para renta en el area revertida de Balboa<\/p>\n<p style=\"text-align: left;\">El apartamento cuenta con 120m2 aproximadamente, 2 habitaciones + estudio (que podr\u00eda usarse como habitaci\u00f3n o cuarto de juego para ni\u00f1os), 1 habitaci\u00f3n extra para visitas, 1 ba\u00f1o completo y 1 ba\u00f1o de visitas, sala principal, cocina , una amplia \u00e1rea verde y 1 estacionamiento en calle, adem\u00e1s de estar en una de las zonas m\u00e1s seguras de Panama, con vigilancia las 24 horas y acceso inmediato al puente de las Am\u00e9ricas, a menos de 5 minutos de Albrook Mall y el aeropuerto Marcos A. Gelabert (aeropuerto de Albrook), a menos de 5 minutos del Causeway de Amador y f\u00e1cil acceso al centro de la ciudad.<\/p>\n<p style=\"text-align: left;\">El Apartamento es ideal para trabajadores del Puerto de Balboa (a menos de 5 minutos caminando) y\/o para trabajadores de Oficinas del Canal de Panama.<\/p>\n<p style=\"text-align: left;\">M\u00e1s informaci\u00f3n al 314-1004 o al 6458-4909<\/p>\n<p><img loading=\"lazy\" decoding=\"async\" class=\"aligncenter\" src=\"https:\/\/gallery.mailchimp.com\/351287c497c865382e60eedde\/images\/b5a228d3-b543-4441-b813-745b9d7ba8d5.jpg\" width=\"600\" height=\"337\" data-file-id=\"2280765\" \/><img loading=\"lazy\" decoding=\"async\" class=\"aligncenter\" src=\"https:\/\/gallery.mailchimp.com\/351287c497c865382e60eedde\/images\/ed618e70-624b-4e4b-84bc-9ed2c2cf7121.jpg\" width=\"600\" height=\"337\" data-file-id=\"2280777\" \/><img loading=\"lazy\" decoding=\"async\" class=\"aligncenter\" src=\"https:\/\/gallery.mailchimp.com\/351287c497c865382e60eedde\/_compresseds\/21df1d0e-af32-4669-b3af-9a852f37359b.jpg\" width=\"600\" height=\"337\" data-file-id=\"2280797\" \/><img loading=\"lazy\" decoding=\"async\" class=\"aligncenter\" src=\"https:\/\/gallery.mailchimp.com\/351287c497c865382e60eedde\/images\/042e0ca6-5cb0-4e23-980a-b26a3386047b.jpg\" width=\"600\" height=\"337\" data-file-id=\"2280789\" \/><img loading=\"lazy\" decoding=\"async\" class=\"aligncenter\" src=\"https:\/\/gallery.mailchimp.com\/351287c497c865382e60eedde\/images\/76ebe9c2-46d0-438f-a062-22c165ccd322.jpg\" width=\"281\" height=\"500\" data-file-id=\"2280785\" \/><img loading=\"lazy\" decoding=\"async\" class=\"aligncenter\" src=\"https:\/\/gallery.mailchimp.com\/351287c497c865382e60eedde\/images\/26fc90be-ad38-4f5f-8937-40b0a71a6229.jpg\" width=\"337\" height=\"600\" data-file-id=\"2280793\" \/><\/p>\n<h1 class=\"null\" style=\"text-align: center;\"><span style=\"color: #800000;\">\u00bfEst\u00e1 bien celebrar la Navidad? (Audio)<\/span><\/h1>\n<p><img loading=\"lazy\" decoding=\"async\" class=\"aligncenter\" src=\"https:\/\/gallery.mailchimp.com\/351287c497c865382e60eedde\/images\/cc8e770a-5b30-49ab-bb1d-4e1713bb8bb3.jpg\" width=\"500\" height=\"247\" data-file-id=\"2649577\" \/><\/p>\n<div>En el episodio de hoy hablaremos sobre el cristiano y la celebraci\u00f3n de la Navidad.<br \/>\nHay diferentes posiciones sobre si un cristiano debe o no celebrar la Navidad. Muchos celebran en esta \u00e9poca el nacimiento de Jes\u00fas, y otros no quieren asociarlo con esta festividad. \u00bfQu\u00e9 nos ense\u00f1a la Biblia al respecto?<\/div>\n<p>En el episodio de hoy veremos las diferentes posiciones sobre la celebraci\u00f3n de la Navidad, qu\u00e9 hacemos con el tema de Santa Claus, y cu\u00e1les principios b\u00edblicos pueden ayudarnos a tomar una buena decisi\u00f3n en cuanto a esta celebraci\u00f3n.<\/p>\n<h1 style=\"text-align: center;\"><span style=\"color: #800000;\"><strong>Espacio Comunitario<\/strong><\/span><\/h1>\n<p><img loading=\"lazy\" decoding=\"async\" class=\"aligncenter\" src=\"https:\/\/gallery.mailchimp.com\/351287c497c865382e60eedde\/images\/ba9eee12-38ce-4981-b71a-d852cd3f0d02.jpg\" width=\"700\" height=\"700\" data-file-id=\"2649601\" \/><img loading=\"lazy\" decoding=\"async\" class=\"aligncenter\" src=\"https:\/\/gallery.mailchimp.com\/351287c497c865382e60eedde\/images\/ba1d09ba-83bc-496b-b0dc-46bd31e3b1a2.jpg\" width=\"700\" height=\"1082\" data-file-id=\"2649613\" \/><\/p>\n<p><img loading=\"lazy\" decoding=\"async\" class=\"aligncenter\" src=\"https:\/\/gallery.mailchimp.com\/351287c497c865382e60eedde\/images\/1e014263-4273-4649-b1a5-d9f7a7f1af6a.jpg\" width=\"700\" height=\"540\" data-file-id=\"2649609\" \/><img loading=\"lazy\" decoding=\"async\" class=\"aligncenter\" src=\"https:\/\/gallery.mailchimp.com\/351287c497c865382e60eedde\/images\/da8b370b-d6b1-420a-bdab-463f41eab859.jpg\" width=\"700\" height=\"540\" data-file-id=\"2649605\" \/><img loading=\"lazy\" decoding=\"async\" class=\"aligncenter\" src=\"https:\/\/gallery.mailchimp.com\/351287c497c865382e60eedde\/images\/ea891fc3-6984-4a16-8eb8-bfcdf135c57d.jpg\" width=\"700\" height=\"540\" data-file-id=\"2649621\" \/><img loading=\"lazy\" decoding=\"async\" class=\"aligncenter\" src=\"https:\/\/gallery.mailchimp.com\/351287c497c865382e60eedde\/images\/f31f84f7-afa1-413e-8b5e-3b1770f7bdf8.jpg\" width=\"700\" height=\"751\" data-file-id=\"2649617\" \/><br \/>\n<img loading=\"lazy\" decoding=\"async\" class=\"aligncenter\" src=\"https:\/\/gallery.mailchimp.com\/351287c497c865382e60eedde\/images\/94174375-5508-4880-be36-5051a69bc982.jpg\" width=\"700\" height=\"700\" data-file-id=\"2649625\" \/><img loading=\"lazy\" decoding=\"async\" class=\"aligncenter\" src=\"https:\/\/gallery.mailchimp.com\/351287c497c865382e60eedde\/images\/3be917e8-a7e3-4377-9e09-b6294b670442.jpg\" width=\"700\" height=\"700\" data-file-id=\"2649633\" \/><img loading=\"lazy\" decoding=\"async\" class=\"aligncenter\" src=\"https:\/\/gallery.mailchimp.com\/351287c497c865382e60eedde\/images\/18131acf-9685-4f82-a32e-11ce1afca229.jpg\" width=\"700\" height=\"522\" data-file-id=\"2649629\" \/><img loading=\"lazy\" decoding=\"async\" class=\"aligncenter\" src=\"https:\/\/gallery.mailchimp.com\/351287c497c865382e60eedde\/images\/ab56d0fa-5d45-4172-ba86-cb344056cd31.png\" width=\"700\" height=\"800\" data-file-id=\"2649637\" \/><\/p>\n<h1 style=\"text-align: center;\"><span style=\"color: #800000;\">Visitanos en<\/span><\/h1>\n<h1 style=\"text-align: center;\"><span style=\"color: #800000;\"><a style=\"font-size: 16px;\" href=\"https:\/\/www.facebook.com\/balboaunion\/\" target=\"_blank\" rel=\"noopener\"><img loading=\"lazy\" decoding=\"async\" class=\"aligncenter\" src=\"https:\/\/cdn-images.mailchimp.com\/icons\/social-block-v2\/color-facebook-48.png\" width=\"46\" height=\"46\" \/><\/a><a href=\"https:\/\/twitter.com\/BalboaUnion\" target=\"_blank\" rel=\"noopener\"><img loading=\"lazy\" decoding=\"async\" class=\"aligncenter\" src=\"https:\/\/cdn-images.mailchimp.com\/icons\/social-block-v2\/color-twitter-48.png\" alt=\"\" width=\"46\" height=\"46\" \/><\/a><\/span><a href=\"http:\/\/www.balboaunionchurch.org\/\" target=\"_blank\" rel=\"noopener\"><img loading=\"lazy\" decoding=\"async\" class=\"aligncenter\" src=\"https:\/\/cdn-images.mailchimp.com\/icons\/social-block-v2\/color-link-48.png\" width=\"46\" height=\"46\" \/><\/a><\/h1>\n<p><\/p>","protected":false},"excerpt":{"rendered":"<p>Encendiendo la cuarta vela del Adviento, La vela del\u00a0\u00abAmor\u00bb Maria y Jos\u00e9, con su fe, esperanza y humildad salen victoriosos en la prueba. No hay rechazo, ni fr\u00edo, ni oscuridad ni incomodidad que les pueda separar del amor de Cristo que nace. Ellos son los benditos de Dios que le reciben. Dios encontr\u00f3 el lugar&hellip;<\/p>\n","protected":false},"author":11,"featured_media":5369,"comment_status":"closed","ping_status":"closed","sticky":false,"template":"","format":"standard","meta":{"footnotes":""},"categories":[90],"tags":[514,436,353,541,354,424,525,425,515,439,357,419,447,524,519,523,426,434,362,430,428,516,429,339,495,501,418,417,433,14,356,548,520,539,584,422,420,446,437,438],"class_list":["post-5361","post","type-post","status-publish","format-standard","has-post-thumbnail","hentry","category-newsletters","tag-albrook","tag-ancon","tag-balboa-union-church","tag-banco-de-alimentos","tag-canal-zone","tag-children","tag-church","tag-church-service","tag-clayton","tag-clothes","tag-community","tag-english-speaking","tag-english-speaking-church","tag-feed-the-hungry","tag-fellowship","tag-food-baskets","tag-fundraising","tag-garage-sale","tag-investment","tag-jam-session","tag-jazz-concert","tag-la-boca","tag-live-jazz","tag-meditation","tag-ministry","tag-missions","tag-panama","tag-panama-city","tag-patio-sale","tag-prayer","tag-sanctuary","tag-service","tag-sharing","tag-singing","tag-speaker","tag-sunday-school","tag-sunday-service","tag-visit-to-panama","tag-volunteer","tag-volunteers","ctfw-has-image"],"_links":{"self":[{"href":"http:\/\/balboaunionchurch.org\/es\/wp-json\/wp\/v2\/posts\/5361","targetHints":{"allow":["GET"]}}],"collection":[{"href":"http:\/\/balboaunionchurch.org\/es\/wp-json\/wp\/v2\/posts"}],"about":[{"href":"http:\/\/balboaunionchurch.org\/es\/wp-json\/wp\/v2\/types\/post"}],"author":[{"embeddable":true,"href":"http:\/\/balboaunionchurch.org\/es\/wp-json\/wp\/v2\/users\/11"}],"replies":[{"embeddable":true,"href":"http:\/\/balboaunionchurch.org\/es\/wp-json\/wp\/v2\/comments?post=5361"}],"version-history":[{"count":7,"href":"http:\/\/balboaunionchurch.org\/es\/wp-json\/wp\/v2\/posts\/5361\/revisions"}],"predecessor-version":[{"id":5368,"href":"http:\/\/balboaunionchurch.org\/es\/wp-json\/wp\/v2\/posts\/5361\/revisions\/5368"}],"wp:featuredmedia":[{"embeddable":true,"href":"http:\/\/balboaunionchurch.org\/es\/wp-json\/wp\/v2\/media\/5369"}],"wp:attachment":[{"href":"http:\/\/balboaunionchurch.org\/es\/wp-json\/wp\/v2\/media?parent=5361"}],"wp:term":[{"taxonomy":"category","embeddable":true,"href":"http:\/\/balboaunionchurch.org\/es\/wp-json\/wp\/v2\/categories?post=5361"},{"taxonomy":"post_tag","embeddable":true,"href":"http:\/\/balboaunionchurch.org\/es\/wp-json\/wp\/v2\/tags?post=5361"}],"curies":[{"name":"wp","href":"https:\/\/api.w.org\/{rel}","templated":true}]}}