{"id":5272,"date":"2018-10-22T22:44:07","date_gmt":"2018-10-22T22:44:07","guid":{"rendered":"http:\/\/balboaunionchurch.org\/?p=5272"},"modified":"2018-10-22T22:44:07","modified_gmt":"2018-10-22T22:44:07","slug":"newsletter-october-7th-2018","status":"publish","type":"post","link":"http:\/\/balboaunionchurch.org\/es\/2018\/10\/22\/newsletter-october-7th-2018\/","title":{"rendered":"Newsletter &#8211; 7 de Octubre del 2018"},"content":{"rendered":"<p><\/p>\n<p style=\"text-align: center;\"><img decoding=\"async\" src=\"https:\/\/gallery.mailchimp.com\/351287c497c865382e60eedde\/images\/37deee6e-1a70-42d2-93b4-b1601cf6d390.jpg\" \/><\/p>\n<div style=\"text-align: center;\">\n<div>\n<h1 class=\"null\"><span style=\"color: #993300;\">Domingo 7\u00a0de Octubre<\/span><\/h1>\n<div>\n<h3 class=\"null\">10:00 AM &#8211; Servicio Biling\u00fce<\/h3>\n<div>\n<div>\n<p><strong>Mensaje:<\/strong><br \/>\nPastor Jos\u00e9 Reyes<\/p>\n<\/div>\n<p><img loading=\"lazy\" decoding=\"async\" src=\"https:\/\/gallery.mailchimp.com\/351287c497c865382e60eedde\/images\/2f834679-5030-4661-a227-973056aa2e34.jpg\" width=\"250\" height=\"166\" data-file-id=\"2178065\" \/><\/p>\n<div><strong>Lectura<\/strong><br \/>\n<img loading=\"lazy\" decoding=\"async\" src=\"https:\/\/gallery.mailchimp.com\/351287c497c865382e60eedde\/images\/ef9c729a-47c5-4f94-9afe-a9a2881a9df1.jpeg\" width=\"200\" height=\"133\" data-file-id=\"2525177\" \/><\/div>\n<p><em>Marcos: 10:17-31<\/em><\/p>\n<\/div>\n<div>\n<h2 class=\"null\"><span style=\"color: #993300;\">39 Aniversario de Ancon<\/span><\/h2>\n<p style=\"text-align: left;\">Hist\u00f3ricamente, el nombre Anc\u00f3n hac\u00eda referencia al\u00a0<em>Sitio del Anc\u00f3n<\/em>, lugar llamado as\u00ed por el\u00a0<a title=\"Anc\u00f3n (geograf\u00eda)\" href=\"https:\/\/es.wikipedia.org\/wiki\/Anc%C3%B3n_(geograf%C3%ADa)\">anc\u00f3n<\/a>\u00a0de la desembocadura del R\u00edo Grande hacia el\u00a0<a title=\"Oc\u00e9ano Pac\u00edfico\" href=\"https:\/\/es.wikipedia.org\/wiki\/Oc%C3%A9ano_Pac%C3%ADfico\">Oc\u00e9ano Pac\u00edfico<\/a>.<sup id=\"cite_ref-2\"><a href=\"https:\/\/es.wikipedia.org\/wiki\/Anc%C3%B3n_(Panam%C3%A1)#cite_note-2\">2<\/a><\/sup>\u200b Sin embargo, el corregimiento actual no corresponde con lo que era conocido como tal, siendo este la punta donde se ubica el\u00a0<a title=\"Casco Antiguo de Panam\u00e1\" href=\"https:\/\/es.wikipedia.org\/wiki\/Casco_Antiguo_de_Panam%C3%A1\">Casco Antiguo de la Ciudad de Panam\u00e1<\/a>, hoy parte de los corregimientos de\u00a0<a title=\"San Felipe (Panam\u00e1)\" href=\"https:\/\/es.wikipedia.org\/wiki\/San_Felipe_(Panam%C3%A1)\">San Felipe<\/a><sup id=\"cite_ref-3\"><a href=\"https:\/\/es.wikipedia.org\/wiki\/Anc%C3%B3n_(Panam%C3%A1)#cite_note-3\">3<\/a><\/sup>\u200b y\u00a0<a title=\"Santa Ana (Panam\u00e1)\" href=\"https:\/\/es.wikipedia.org\/wiki\/Santa_Ana_(Panam%C3%A1)\">Santa Ana<\/a>, adem\u00e1s del\u00a0<a title=\"Cerro Anc\u00f3n\" href=\"https:\/\/es.wikipedia.org\/wiki\/Cerro_Anc%C3%B3n\">Cerro Anc\u00f3n<\/a>, que a\u00fan se ubica dentro de los limites modernos de Anc\u00f3n.<\/p>\n<p style=\"text-align: left;\">La zona donde est\u00e1 ubicado el corregimiento actual de Anc\u00f3n fue siempre concebida como sitio de tr\u00e1nsito. Desde los tiempos de la llegada de los espa\u00f1oles al pa\u00eds (en\u00a0<a title=\"1501\" href=\"https:\/\/es.wikipedia.org\/wiki\/1501\">1501<\/a>), se pens\u00f3 en construir aqu\u00ed una ruta que comunicara los oc\u00e9anos\u00a0<a title=\"Oc\u00e9ano Atl\u00e1ntico\" href=\"https:\/\/es.wikipedia.org\/wiki\/Oc%C3%A9ano_Atl%C3%A1ntico\">Atl\u00e1ntico<\/a>\u00a0y\u00a0<a title=\"Oc\u00e9ano Pac\u00edfico\" href=\"https:\/\/es.wikipedia.org\/wiki\/Oc%C3%A9ano_Pac%C3%ADfico\">Pac\u00edfico<\/a>, idea que se materializ\u00f3 con la construcci\u00f3n del\u00a0<a title=\"Canal de Panam\u00e1\" href=\"https:\/\/es.wikipedia.org\/wiki\/Canal_de_Panam%C3%A1\">Canal de Panam\u00e1<\/a>.<sup>[<em><a title=\"Wikipedia:Verificabilidad\" href=\"https:\/\/es.wikipedia.org\/wiki\/Wikipedia:Verificabilidad\">cita\u00a0requerida<\/a><\/em>]<\/sup><\/p>\n<p style=\"text-align: left;\">Durante los a\u00f1os en que el Canal de Panam\u00e1 estuvo bajo el poder de los\u00a0<a title=\"Estados Unidos\" href=\"https:\/\/es.wikipedia.org\/wiki\/Estados_Unidos\">Estados Unidos<\/a>, se construyeron numerosas instalaciones administrativas, bases militares y comunidades en las \u00e1reas adyacentes a este, conformando la antigua\u00a0<a title=\"Zona del Canal de Panam\u00e1\" href=\"https:\/\/es.wikipedia.org\/wiki\/Zona_del_Canal_de_Panam%C3%A1\">Zona del Canal de Panam\u00e1<\/a>. Cuando estas \u00e1reas comenzaron a ser revertidas, en virtud de los\u00a0<a title=\"Tratados Torrijos-Carter\" href=\"https:\/\/es.wikipedia.org\/wiki\/Tratados_Torrijos-Carter\">Tratados Torrijos-Carter<\/a>, se propusieron diversas alternativas para integrarlas a la ciudad de Panam\u00e1. El actual corregimiento de Anc\u00f3n surge cuando se aprueba una nueva divisi\u00f3n pol\u00edtico-administrativa para las\u00a0<a title=\"\u00c1reas Revertidas del Canal de Panam\u00e1\" href=\"https:\/\/es.wikipedia.org\/wiki\/%C3%81reas_Revertidas_del_Canal_de_Panam%C3%A1\">\u00e1reas revertidas<\/a>, mediante la Ley No. 18, del\u00a0<a title=\"29 de agosto\" href=\"https:\/\/es.wikipedia.org\/wiki\/29_de_agosto\">29 de agosto<\/a>\u00a0de\u00a0<a title=\"1979\" href=\"https:\/\/es.wikipedia.org\/wiki\/1979\">1979<\/a>, modificada a su vez por la Ley No. 1, del\u00a0<a title=\"27 de octubre\" href=\"https:\/\/es.wikipedia.org\/wiki\/27_de_octubre\">27 de octubre<\/a>\u00a0de\u00a0<a title=\"1982\" href=\"https:\/\/es.wikipedia.org\/wiki\/1982\">1982<\/a>.<sup id=\"cite_ref-4\"><a href=\"https:\/\/es.wikipedia.org\/wiki\/Anc%C3%B3n_(Panam%C3%A1)#cite_note-4\">4<\/a><\/sup>\u200b Las \u00e1reas ubicadas hacia el sector del\u00a0<a title=\"Oc\u00e9ano Pac\u00edfico\" href=\"https:\/\/es.wikipedia.org\/wiki\/Oc%C3%A9ano_Pac%C3%ADfico\">Pac\u00edfico<\/a>\u00a0pasaron a formar parte de este corregimiento, mientras que las ubicadas hacia el\u00a0<a title=\"Oc\u00e9ano Atl\u00e1ntico\" href=\"https:\/\/es.wikipedia.org\/wiki\/Oc%C3%A9ano_Atl%C3%A1ntico\">Atl\u00e1ntico<\/a>\u00a0fueron incorporadas al\u00a0<a title=\"Crist\u00f3bal (Panam\u00e1)\" href=\"https:\/\/es.wikipedia.org\/wiki\/Crist%C3%B3bal_(Panam%C3%A1)\">corregimiento de Cristobal<\/a>, en la vecina\u00a0<a title=\"Provincia de Col\u00f3n\" href=\"https:\/\/es.wikipedia.org\/wiki\/Provincia_de_Col%C3%B3n\">provincia de Col\u00f3n<\/a>. A\u00fan en la actualidad, est\u00e1s se caracterizan por un marcado estilo urban\u00edstico y arquitect\u00f3nico estadounidense.<\/p>\n<p><img loading=\"lazy\" decoding=\"async\" class=\"aligncenter\" src=\"https:\/\/gallery.mailchimp.com\/351287c497c865382e60eedde\/images\/12e1a789-c312-4c57-8d15-b5b7b7f3fc6d.png\" width=\"500\" height=\"419\" data-file-id=\"2525213\" \/><\/p>\n<h2 class=\"null\">Felicidades\u00a0a todos los\u00a0Maestros\u00a0en su d\u00eda. Que\u00a0#Dios\u00a0llene sus d\u00edas de\u00a0#bendiciones<\/h2>\n<p><img loading=\"lazy\" decoding=\"async\" src=\"https:\/\/gallery.mailchimp.com\/351287c497c865382e60eedde\/images\/b0503a92-33b5-4263-84f8-507f95384a7a.jpg\" width=\"600\" height=\"750\" data-file-id=\"2525329\" \/><\/p>\n<\/div>\n<\/div>\n<\/div>\n<p>&nbsp;<\/p>\n<\/div>\n<h1 style=\"text-align: center;\"><span style=\"color: #800000;\"><strong>Oraciones<\/strong><\/span><\/h1>\n<p><img loading=\"lazy\" decoding=\"async\" class=\"aligncenter\" src=\"https:\/\/gallery.mailchimp.com\/351287c497c865382e60eedde\/images\/83d5f57e-02c9-4f9d-8db7-b89e51fec7f7.jpg\" width=\"700\" height=\"428\" data-file-id=\"2070897\" \/><\/p>\n<p>&nbsp;<\/p>\n<div>\n<div style=\"text-align: center;\">\n<p class=\"null\">Padre Nuestro, Padre de toda la creaci\u00f3n,\u00a0 tu gloria, honor, amor y bondad vive en Ti. Continuamente, el mundo en el que vivimos, revelas las formas perfectas de tu creaci\u00f3n, confesamos que hemos arruinado tu creaci\u00f3n y no hemos estado a la altura de nuestras responsabilidades para contigo y los dem\u00e1s. Te hemos fallado, pero has demostrado tu fidelidad a nosotros al enviar a tu Hijo, Jesucristo, a vivir y morir por nosotros. En nombre de su Esp\u00edritu, que vive y reina en nosotros, ay\u00fadanos a orar como \u00c9l nos ense\u00f1\u00f3: \u00abPadre nuestro. . \u00ab<\/p>\n<\/div>\n<\/div>\n<p style=\"text-align: center;\"><img decoding=\"async\" src=\"https:\/\/gallery.mailchimp.com\/351287c497c865382e60eedde\/images\/ceeb384f-0ef6-48ad-8929-3125bd3147e8.jpg\" \/><\/p>\n<div>\n<h1 class=\"null\" style=\"text-align: center;\"><span style=\"color: #993300;\">Domingo 14\u00a0de Octubre<\/span><\/h1>\n<h2 class=\"null\" style=\"text-align: center;\">10:00 AM &#8211; Servicio Biling\u00fce<\/h2>\n<p class=\"null\" style=\"text-align: center;\"><strong style=\"font-size: 16px;\">Ponente:<\/strong><\/p>\n<p style=\"text-align: center;\">David Bivin<\/p>\n<p class=\"null\" style=\"text-align: center;\"><img loading=\"lazy\" decoding=\"async\" src=\"https:\/\/gallery.mailchimp.com\/351287c497c865382e60eedde\/images\/e1976189-a2a4-4803-8dd7-093ce820d802.jpg\" width=\"200\" height=\"272\" data-file-id=\"2147009\" \/><\/p>\n<\/div>\n<h1 align=\"center\"><span style=\"color: #800000;\"><strong>Lectura para Compartir<\/strong><\/span><\/h1>\n<h1><img loading=\"lazy\" decoding=\"async\" class=\"aligncenter\" src=\"https:\/\/gallery.mailchimp.com\/351287c497c865382e60eedde\/images\/8119a1ac-f8d5-41e4-ba57-82792c74a386.jpg\" width=\"600\" height=\"450\" data-file-id=\"2525249\" \/><\/h1>\n<div>\n<p>La Santa Cena es uno de los momentos m\u00e1s solemnes en la vida del cristiano. Una de las frases m\u00e1s impactantes, y hasta aterradoras, del Nuevo Testamento aparece en el contexto de la Santa Cena. El ap\u00f3stol Pablo advierte en contra de \u201ctomar indignamente\u201d de ella. Si lo haces, eres culpado del cuerpo y de la sangre de Cristo, ser\u00e1s juzgado por Dios e incluso pudieras enfermar o morir (<a href=\"https:\/\/biblia.com\/bible\/nblh\/1%20Cor.%2011.27-32?culture=es\" target=\"_blank\" rel=\"noopener\" data-purpose=\"bible-reference\" data-reference=\"1 Cor. 11.27-32\" data-version=\"nblh\">1 Co. 11:27-32<\/a>).<\/p>\n<\/div>\n<h2 style=\"text-align: center;\"><a href=\"https:\/\/www.coalicionporelevangelio.org\/articulo\/significa-tomar-indignamente-la-santa-cena\/\" target=\"_blank\" rel=\"noopener\">Leer M\u00e1s<\/a><\/h2>\n<h1 style=\"text-align: center;\"><span style=\"color: #800000;\"><strong>Anuncio Comunitario<\/strong><\/span><\/h1>\n<h1 style=\"text-align: center;\"><img loading=\"lazy\" decoding=\"async\" src=\"https:\/\/gallery.mailchimp.com\/351287c497c865382e60eedde\/images\/e1da5d04-ee28-44a7-9e63-d9bf24ac5734.jpg\" width=\"720\" height=\"720\" data-file-id=\"2525281\" \/><\/h1>\n<p><img loading=\"lazy\" decoding=\"async\" class=\"aligncenter\" src=\"https:\/\/gallery.mailchimp.com\/351287c497c865382e60eedde\/images\/d042a63f-d3a3-427f-a5f0-ca520e8fbd56.jpg\" width=\"768\" height=\"960\" data-file-id=\"2525277\" \/><br \/>\n<img loading=\"lazy\" decoding=\"async\" class=\"aligncenter\" src=\"https:\/\/gallery.mailchimp.com\/351287c497c865382e60eedde\/images\/8d04afcd-2054-4ccb-b566-68c62d7f97f4.jpg\" width=\"620\" height=\"960\" data-file-id=\"2525273\" \/><br \/>\n<img loading=\"lazy\" decoding=\"async\" class=\"aligncenter\" src=\"https:\/\/gallery.mailchimp.com\/351287c497c865382e60eedde\/images\/04ec1af0-8b2a-4eb7-aa85-977b8620b1e9.jpg\" width=\"700\" height=\"700\" data-file-id=\"2525301\" \/><\/p>\n<p><img loading=\"lazy\" decoding=\"async\" class=\"aligncenter\" src=\"https:\/\/gallery.mailchimp.com\/351287c497c865382e60eedde\/images\/e93c551e-5d33-4e57-81da-0d38e11fd3c0.jpg\" width=\"700\" height=\"393\" data-file-id=\"2525293\" \/><\/p>\n<p><img loading=\"lazy\" decoding=\"async\" class=\"aligncenter\" src=\"https:\/\/gallery.mailchimp.com\/351287c497c865382e60eedde\/images\/efc23731-4587-413f-acb7-910271ba507b.jpg\" width=\"754\" height=\"960\" data-file-id=\"2525289\" \/><\/p>\n<p><img loading=\"lazy\" decoding=\"async\" class=\"aligncenter\" src=\"https:\/\/gallery.mailchimp.com\/351287c497c865382e60eedde\/images\/abbfacf5-f92d-45f6-8120-0d74883c1599.jpg\" width=\"700\" height=\"700\" data-file-id=\"2525285\" \/><\/p>\n<p><img loading=\"lazy\" decoding=\"async\" class=\"aligncenter\" src=\"https:\/\/gallery.mailchimp.com\/351287c497c865382e60eedde\/images\/4dfea0ba-fad8-4e2a-a84a-9fe55dae7f06.jpg\" width=\"700\" height=\"700\" data-file-id=\"2525297\" \/><\/p>\n<p><img loading=\"lazy\" decoding=\"async\" class=\"aligncenter\" src=\"https:\/\/gallery.mailchimp.com\/351287c497c865382e60eedde\/images\/6c796b75-f1f1-4e6d-9452-8f7ec6db9342.jpg\" width=\"700\" height=\"700\" data-file-id=\"2525305\" \/><\/p>\n<p><img loading=\"lazy\" decoding=\"async\" class=\"aligncenter\" src=\"https:\/\/gallery.mailchimp.com\/351287c497c865382e60eedde\/images\/cd7a2c83-7d8c-4bfa-97be-24a63bcdc36e.jpg\" width=\"700\" height=\"875\" data-file-id=\"2525269\" \/><\/p>\n<h1 style=\"text-align: center;\"><span style=\"color: #800000;\">Visitanos en<\/span>\u00a0<a href=\"https:\/\/www.facebook.com\/balboaunion\/\">Facebook<\/a>\u00a0<span style=\"color: #800000;\">or<\/span>\u00a0<a href=\"https:\/\/twitter.com\/BalboaUnion\">Twitter<\/a><\/h1>\n<p><\/p>","protected":false},"excerpt":{"rendered":"<p>Domingo 7\u00a0de Octubre 10:00 AM &#8211; Servicio Biling\u00fce Mensaje: Pastor Jos\u00e9 Reyes Lectura Marcos: 10:17-31 39 Aniversario de Ancon Hist\u00f3ricamente, el nombre Anc\u00f3n hac\u00eda referencia al\u00a0Sitio del Anc\u00f3n, lugar llamado as\u00ed por el\u00a0anc\u00f3n\u00a0de la desembocadura del R\u00edo Grande hacia el\u00a0Oc\u00e9ano Pac\u00edfico.2\u200b Sin embargo, el corregimiento actual no corresponde con lo que era conocido como tal,&hellip;<\/p>\n","protected":false},"author":11,"featured_media":5277,"comment_status":"closed","ping_status":"closed","sticky":false,"template":"","format":"standard","meta":{"footnotes":""},"categories":[90],"tags":[514,436,435,353,354,424,493,525,425,357,361,419,447,519,518,516,418,417,14,356,548,520,584,422,420],"class_list":["post-5272","post","type-post","status-publish","format-standard","has-post-thumbnail","hentry","category-newsletters","tag-albrook","tag-ancon","tag-balboa","tag-balboa-union-church","tag-canal-zone","tag-children","tag-christ","tag-church","tag-church-service","tag-community","tag-community-planning","tag-english-speaking","tag-english-speaking-church","tag-fellowship","tag-get-together","tag-la-boca","tag-panama","tag-panama-city","tag-prayer","tag-sanctuary","tag-service","tag-sharing","tag-speaker","tag-sunday-school","tag-sunday-service","ctfw-has-image"],"_links":{"self":[{"href":"http:\/\/balboaunionchurch.org\/es\/wp-json\/wp\/v2\/posts\/5272","targetHints":{"allow":["GET"]}}],"collection":[{"href":"http:\/\/balboaunionchurch.org\/es\/wp-json\/wp\/v2\/posts"}],"about":[{"href":"http:\/\/balboaunionchurch.org\/es\/wp-json\/wp\/v2\/types\/post"}],"author":[{"embeddable":true,"href":"http:\/\/balboaunionchurch.org\/es\/wp-json\/wp\/v2\/users\/11"}],"replies":[{"embeddable":true,"href":"http:\/\/balboaunionchurch.org\/es\/wp-json\/wp\/v2\/comments?post=5272"}],"version-history":[{"count":5,"href":"http:\/\/balboaunionchurch.org\/es\/wp-json\/wp\/v2\/posts\/5272\/revisions"}],"predecessor-version":[{"id":5278,"href":"http:\/\/balboaunionchurch.org\/es\/wp-json\/wp\/v2\/posts\/5272\/revisions\/5278"}],"wp:featuredmedia":[{"embeddable":true,"href":"http:\/\/balboaunionchurch.org\/es\/wp-json\/wp\/v2\/media\/5277"}],"wp:attachment":[{"href":"http:\/\/balboaunionchurch.org\/es\/wp-json\/wp\/v2\/media?parent=5272"}],"wp:term":[{"taxonomy":"category","embeddable":true,"href":"http:\/\/balboaunionchurch.org\/es\/wp-json\/wp\/v2\/categories?post=5272"},{"taxonomy":"post_tag","embeddable":true,"href":"http:\/\/balboaunionchurch.org\/es\/wp-json\/wp\/v2\/tags?post=5272"}],"curies":[{"name":"wp","href":"https:\/\/api.w.org\/{rel}","templated":true}]}}